{"id":3174,"date":"2025-03-10T18:04:01","date_gmt":"2025-03-10T18:04:01","guid":{"rendered":"https:\/\/infocizinci.cz\/?p=3174"},"modified":"2025-03-10T18:06:17","modified_gmt":"2025-03-10T18:06:17","slug":"mvcr","status":"publish","type":"post","link":"https:\/\/infocizinci.cz\/en\/permanent-residence\/mvcr\/","title":{"rendered":"Ministry of the Interior (MV\u010cR) \u2013 Department of Asylum and Migration Policy"},"content":{"rendered":"\n<p>If you are coming to the Czech Republic for study or work, you should know where to go when dealing with residence-related matters. These matters fall under the Ministry of the Interior of the Czech Republic (MV\u010cR), specifically the Department of Asylum and Migration Policy, which is responsible for the entry and residence of foreigners in the country.<\/p>\n\n\n<div class=\"wp-block-image\">\n<figure class=\"aligncenter size-full\"><img loading=\"lazy\" decoding=\"async\" width=\"445\" height=\"113\" src=\"https:\/\/infocizinci.cz\/wp-content\/uploads\/2025\/03\/mvcr_en.png\" alt=\"mvcr_en\" class=\"wp-image-3159\" srcset=\"https:\/\/infocizinci.cz\/wp-content\/uploads\/2025\/03\/mvcr_en.png 445w, https:\/\/infocizinci.cz\/wp-content\/uploads\/2025\/03\/mvcr_en-300x76.png 300w\" sizes=\"auto, (max-width: 445px) 100vw, 445px\" \/><\/figure>\n<\/div>\n\n\n<h3 class=\"wp-block-heading\"><strong>Where can you handle your residence matters?<\/strong><\/h3>\n\n\n\n<p>The Department of Asylum and Migration Policy has offices throughout the Czech Republic, including Prague, \u00dast\u00ed nad Labem, Zl\u00edn, Plze\u0148, and Liberec. You should visit the branch that corresponds to your registered address.<\/p>\n\n\n\n<p>The Ministry also provides useful information on a special <a href=\"https:\/\/ipc.gov.cz\/en\/about-us\/\">information portal for foreigners<\/a>, where you can find details on:<\/p>\n\n\n\n<ul class=\"wp-block-list\">\n<li>types of residence permits available in the Czech Republic,<\/li>\n\n\n\n<li>how to apply for a residence permit,<\/li>\n\n\n\n<li>how to report changes to your residence status,<\/li>\n\n\n\n<li>how to extend your existing residence permit.<\/li>\n<\/ul>\n\n\n\n<p>Additionally, you can download various forms, such as:<\/p>\n\n\n\n<ul class=\"wp-block-list\">\n<li>an application for a long-term visa,<\/li>\n\n\n\n<li>an application for <a href=\"\/en\/czech-visas-permits\/permanent-residence-for-foreigners-in-the-czech-republic\/\">permanent residence<\/a>,<\/li>\n\n\n\n<li>an application for a Blue Card.<\/li>\n<\/ul>\n\n\n\n<h2 class=\"wp-block-heading\"><strong>How do you provide proof of health insurance for MV\u010cR?<\/strong><\/h2>\n\n\n\n<p>There are several options. However, if you are coming from a third country, the most common requirement is proof of commercial health insurance. This can be:<\/p>\n\n\n\n<ul class=\"wp-block-list\">\n<li>Comprehensive health care insurance,<\/li>\n\n\n\n<li>Necessary and urgent health care insurance.<\/li>\n<\/ul>\n\n\n\n<p>Our <a href=\"https:\/\/www.yespojisteni.cz\/maj\/\">YesPojisteni.cz office<\/a>, located on the ground floor of the M\u00e1j shopping center in the heart of Prague, can help you choose the right health insurance. We will assist you in understanding the options available and explain which type of insurance is suitable for your residence permit. Our office is open every day from 9:00 AM to 7:00 PM. Our team looks forward to assisting you!<\/p>\n","protected":false},"excerpt":{"rendered":"<p>If you are coming to the Czech Republic for study or work, you should know where to go when dealing with residence-related matters. These matters fall under the Ministry of the Interior of the Czech Republic (MV\u010cR), specifically the Department of Asylum and Migration Policy, which is responsible for the entry and residence of foreigners [&hellip;]<\/p>\n","protected":false},"author":7,"featured_media":3162,"comment_status":"open","ping_status":"open","sticky":false,"template":"","format":"standard","meta":{"inline_featured_image":false,"_genesis_hide_title":false,"_genesis_hide_breadcrumbs":false,"_genesis_hide_singular_image":false,"_genesis_hide_footer_widgets":false,"_genesis_custom_body_class":"","_genesis_custom_post_class":"","_genesis_layout":"","footnotes":"","spc_primary_category":58},"categories":[59,84,58],"tags":[],"class_list":{"0":"post-3174","1":"post","2":"type-post","3":"status-publish","4":"format-standard","5":"has-post-thumbnail","7":"category-czech-visas-permits","8":"category-living-in-the-czech-republic","9":"category-permanent-residence","10":"entry"},"yoast_head":"<!-- This site is optimized with the Yoast SEO plugin v23.9 - https:\/\/yoast.com\/wordpress\/plugins\/seo\/ -->\n<title>MV\u010cR \u2013 OAMP | Ministry of the Interior | InfoCizinci.cz<\/title>\n<meta name=\"description\" content=\"If you are coming to the Czech Republic for study or work, you should know where to go when dealing with residence-related matters. MV\u010cR OAMP\" \/>\n<meta name=\"robots\" content=\"index, follow, max-snippet:-1, max-image-preview:large, max-video-preview:-1\" \/>\n<link rel=\"canonical\" href=\"https:\/\/infocizinci.cz\/en\/permanent-residence\/mvcr\/\" \/>\n<meta property=\"og:locale\" content=\"en_US\" \/>\n<meta property=\"og:type\" content=\"article\" \/>\n<meta property=\"og:title\" content=\"MV\u010cR \u2013 OAMP | Ministry of the Interior | InfoCizinci.cz\" \/>\n<meta property=\"og:description\" content=\"If you are coming to the Czech Republic for study or work, you should know where to go when dealing with residence-related matters. MV\u010cR OAMP\" \/>\n<meta property=\"og:url\" content=\"https:\/\/infocizinci.cz\/en\/permanent-residence\/mvcr\/\" \/>\n<meta property=\"og:site_name\" content=\"InfoCizinci.cz\" \/>\n<meta property=\"article:published_time\" content=\"2025-03-10T18:04:01+00:00\" \/>\n<meta property=\"article:modified_time\" content=\"2025-03-10T18:06:17+00:00\" \/>\n<meta property=\"og:image\" content=\"https:\/\/infocizinci.cz\/wp-content\/uploads\/2025\/03\/mv_cr_cz.jpg\" \/>\n\t<meta property=\"og:image:width\" content=\"200\" \/>\n\t<meta property=\"og:image:height\" content=\"200\" \/>\n\t<meta property=\"og:image:type\" content=\"image\/jpeg\" \/>\n<meta name=\"author\" content=\"Magdal\u00e9na Kramperov\u00e1\" \/>\n<meta name=\"twitter:card\" content=\"summary_large_image\" \/>\n<meta name=\"twitter:label1\" content=\"Written by\" \/>\n\t<meta name=\"twitter:data1\" content=\"Magdal\u00e9na Kramperov\u00e1\" \/>\n\t<meta name=\"twitter:label2\" content=\"Est. reading time\" \/>\n\t<meta name=\"twitter:data2\" content=\"2 minutes\" \/>\n<script type=\"application\/ld+json\" class=\"yoast-schema-graph\">{\"@context\":\"https:\/\/schema.org\",\"@graph\":[{\"@type\":\"Article\",\"@id\":\"https:\/\/infocizinci.cz\/en\/permanent-residence\/mvcr\/#article\",\"isPartOf\":{\"@id\":\"https:\/\/infocizinci.cz\/en\/permanent-residence\/mvcr\/\"},\"author\":{\"name\":\"Magdal\u00e9na Kramperov\u00e1\",\"@id\":\"https:\/\/infocizinci.cz\/#\/schema\/person\/bc4a510ea00e76fa313f0e118c0406b2\"},\"headline\":\"Ministry of the Interior (MV\u010cR) \u2013 Department of Asylum and Migration Policy\",\"datePublished\":\"2025-03-10T18:04:01+00:00\",\"dateModified\":\"2025-03-10T18:06:17+00:00\",\"mainEntityOfPage\":{\"@id\":\"https:\/\/infocizinci.cz\/en\/permanent-residence\/mvcr\/\"},\"wordCount\":300,\"commentCount\":0,\"publisher\":{\"@id\":\"https:\/\/infocizinci.cz\/#organization\"},\"image\":{\"@id\":\"https:\/\/infocizinci.cz\/en\/permanent-residence\/mvcr\/#primaryimage\"},\"thumbnailUrl\":\"https:\/\/infocizinci.cz\/wp-content\/uploads\/2025\/03\/mv_cr_cz.jpg\",\"articleSection\":[\"Czech visas &amp; permits\",\"Living in the Czech Republic\",\"Permanent Residence\"],\"inLanguage\":\"en-US\",\"potentialAction\":[{\"@type\":\"CommentAction\",\"name\":\"Comment\",\"target\":[\"https:\/\/infocizinci.cz\/en\/permanent-residence\/mvcr\/#respond\"]}]},{\"@type\":\"WebPage\",\"@id\":\"https:\/\/infocizinci.cz\/en\/permanent-residence\/mvcr\/\",\"url\":\"https:\/\/infocizinci.cz\/en\/permanent-residence\/mvcr\/\",\"name\":\"MV\u010cR \u2013 OAMP | Ministry of the Interior | InfoCizinci.cz\",\"isPartOf\":{\"@id\":\"https:\/\/infocizinci.cz\/#website\"},\"primaryImageOfPage\":{\"@id\":\"https:\/\/infocizinci.cz\/en\/permanent-residence\/mvcr\/#primaryimage\"},\"image\":{\"@id\":\"https:\/\/infocizinci.cz\/en\/permanent-residence\/mvcr\/#primaryimage\"},\"thumbnailUrl\":\"https:\/\/infocizinci.cz\/wp-content\/uploads\/2025\/03\/mv_cr_cz.jpg\",\"datePublished\":\"2025-03-10T18:04:01+00:00\",\"dateModified\":\"2025-03-10T18:06:17+00:00\",\"description\":\"If you are coming to the Czech Republic for study or work, you should know where to go when dealing with residence-related matters. MV\u010cR OAMP\",\"breadcrumb\":{\"@id\":\"https:\/\/infocizinci.cz\/en\/permanent-residence\/mvcr\/#breadcrumb\"},\"inLanguage\":\"en-US\",\"potentialAction\":[{\"@type\":\"ReadAction\",\"target\":[\"https:\/\/infocizinci.cz\/en\/permanent-residence\/mvcr\/\"]}]},{\"@type\":\"ImageObject\",\"inLanguage\":\"en-US\",\"@id\":\"https:\/\/infocizinci.cz\/en\/permanent-residence\/mvcr\/#primaryimage\",\"url\":\"https:\/\/infocizinci.cz\/wp-content\/uploads\/2025\/03\/mv_cr_cz.jpg\",\"contentUrl\":\"https:\/\/infocizinci.cz\/wp-content\/uploads\/2025\/03\/mv_cr_cz.jpg\",\"width\":200,\"height\":200},{\"@type\":\"BreadcrumbList\",\"@id\":\"https:\/\/infocizinci.cz\/en\/permanent-residence\/mvcr\/#breadcrumb\",\"itemListElement\":[{\"@type\":\"ListItem\",\"position\":1,\"name\":\"Dom\u016f\",\"item\":\"https:\/\/infocizinci.cz\/en\/\"},{\"@type\":\"ListItem\",\"position\":2,\"name\":\"Ministry of the Interior (MV\u010cR) \u2013 Department of Asylum and Migration Policy\"}]},{\"@type\":\"WebSite\",\"@id\":\"https:\/\/infocizinci.cz\/#website\",\"url\":\"https:\/\/infocizinci.cz\/\",\"name\":\"InfoCizinci\",\"description\":\"Information for foreigners living in the Czech Republic\",\"publisher\":{\"@id\":\"https:\/\/infocizinci.cz\/#organization\"},\"potentialAction\":[{\"@type\":\"SearchAction\",\"target\":{\"@type\":\"EntryPoint\",\"urlTemplate\":\"https:\/\/infocizinci.cz\/?s={search_term_string}\"},\"query-input\":{\"@type\":\"PropertyValueSpecification\",\"valueRequired\":true,\"valueName\":\"search_term_string\"}}],\"inLanguage\":\"en-US\"},{\"@type\":\"Organization\",\"@id\":\"https:\/\/infocizinci.cz\/#organization\",\"name\":\"Fabrika ads s.r.o.\",\"url\":\"https:\/\/infocizinci.cz\/\",\"logo\":{\"@type\":\"ImageObject\",\"inLanguage\":\"en-US\",\"@id\":\"https:\/\/infocizinci.cz\/#\/schema\/logo\/image\/\",\"url\":\"https:\/\/infocizinci.cz\/wp-content\/uploads\/2023\/08\/infoCizinci.cz_.svg\",\"contentUrl\":\"https:\/\/infocizinci.cz\/wp-content\/uploads\/2023\/08\/infoCizinci.cz_.svg\",\"width\":1123,\"height\":141,\"caption\":\"Fabrika ads s.r.o.\"},\"image\":{\"@id\":\"https:\/\/infocizinci.cz\/#\/schema\/logo\/image\/\"}},{\"@type\":\"Person\",\"@id\":\"https:\/\/infocizinci.cz\/#\/schema\/person\/bc4a510ea00e76fa313f0e118c0406b2\",\"name\":\"Magdal\u00e9na Kramperov\u00e1\",\"image\":{\"@type\":\"ImageObject\",\"inLanguage\":\"en-US\",\"@id\":\"https:\/\/infocizinci.cz\/#\/schema\/person\/image\/\",\"url\":\"https:\/\/secure.gravatar.com\/avatar\/7db907540655879756f350d4a74067f9833b959010ac9cd012e0c1baf37a8478?s=96&d=mm&r=g\",\"contentUrl\":\"https:\/\/secure.gravatar.com\/avatar\/7db907540655879756f350d4a74067f9833b959010ac9cd012e0c1baf37a8478?s=96&d=mm&r=g\",\"caption\":\"Magdal\u00e9na Kramperov\u00e1\"},\"description\":\"Magdal\u00e9na vystudovala Vysokou \u0161kolu ekonomickou v Praze, Katedru arts managementu a m\u00e1 r\u00e1da um\u011bn\u00ed v\u0161eho druhu. Bav\u00ed j\u00ed soci\u00e1ln\u00ed s\u00edt\u011b, miluje filmy a hudbu v\u0161ech \u017e\u00e1nr\u016f. Ve voln\u00e9m \u010dase chod\u00ed na proch\u00e1zky a nebo je v roli asistentky dvou velmi n\u00e1ro\u010dn\u00fdch mor\u010dat!\",\"sameAs\":[\"https:\/\/infocizinci.cz\/author\/kramperova\/\"],\"url\":\"https:\/\/infocizinci.cz\/en\/author\/kramperova\/\"}]}<\/script>\n<!-- \/ Yoast SEO plugin. -->","yoast_head_json":{"title":"MV\u010cR \u2013 OAMP | Ministry of the Interior | InfoCizinci.cz","description":"If you are coming to the Czech Republic for study or work, you should know where to go when dealing with residence-related matters. MV\u010cR OAMP","robots":{"index":"index","follow":"follow","max-snippet":"max-snippet:-1","max-image-preview":"max-image-preview:large","max-video-preview":"max-video-preview:-1"},"canonical":"https:\/\/infocizinci.cz\/en\/permanent-residence\/mvcr\/","og_locale":"en_US","og_type":"article","og_title":"MV\u010cR \u2013 OAMP | Ministry of the Interior | InfoCizinci.cz","og_description":"If you are coming to the Czech Republic for study or work, you should know where to go when dealing with residence-related matters. MV\u010cR OAMP","og_url":"https:\/\/infocizinci.cz\/en\/permanent-residence\/mvcr\/","og_site_name":"InfoCizinci.cz","article_published_time":"2025-03-10T18:04:01+00:00","article_modified_time":"2025-03-10T18:06:17+00:00","og_image":[{"width":200,"height":200,"url":"https:\/\/infocizinci.cz\/wp-content\/uploads\/2025\/03\/mv_cr_cz.jpg","type":"image\/jpeg"}],"author":"Magdal\u00e9na Kramperov\u00e1","twitter_card":"summary_large_image","twitter_misc":{"Written by":"Magdal\u00e9na Kramperov\u00e1","Est. reading time":"2 minutes"},"schema":{"@context":"https:\/\/schema.org","@graph":[{"@type":"Article","@id":"https:\/\/infocizinci.cz\/en\/permanent-residence\/mvcr\/#article","isPartOf":{"@id":"https:\/\/infocizinci.cz\/en\/permanent-residence\/mvcr\/"},"author":{"name":"Magdal\u00e9na Kramperov\u00e1","@id":"https:\/\/infocizinci.cz\/#\/schema\/person\/bc4a510ea00e76fa313f0e118c0406b2"},"headline":"Ministry of the Interior (MV\u010cR) \u2013 Department of Asylum and Migration Policy","datePublished":"2025-03-10T18:04:01+00:00","dateModified":"2025-03-10T18:06:17+00:00","mainEntityOfPage":{"@id":"https:\/\/infocizinci.cz\/en\/permanent-residence\/mvcr\/"},"wordCount":300,"commentCount":0,"publisher":{"@id":"https:\/\/infocizinci.cz\/#organization"},"image":{"@id":"https:\/\/infocizinci.cz\/en\/permanent-residence\/mvcr\/#primaryimage"},"thumbnailUrl":"https:\/\/infocizinci.cz\/wp-content\/uploads\/2025\/03\/mv_cr_cz.jpg","articleSection":["Czech visas &amp; permits","Living in the Czech Republic","Permanent Residence"],"inLanguage":"en-US","potentialAction":[{"@type":"CommentAction","name":"Comment","target":["https:\/\/infocizinci.cz\/en\/permanent-residence\/mvcr\/#respond"]}]},{"@type":"WebPage","@id":"https:\/\/infocizinci.cz\/en\/permanent-residence\/mvcr\/","url":"https:\/\/infocizinci.cz\/en\/permanent-residence\/mvcr\/","name":"MV\u010cR \u2013 OAMP | Ministry of the Interior | InfoCizinci.cz","isPartOf":{"@id":"https:\/\/infocizinci.cz\/#website"},"primaryImageOfPage":{"@id":"https:\/\/infocizinci.cz\/en\/permanent-residence\/mvcr\/#primaryimage"},"image":{"@id":"https:\/\/infocizinci.cz\/en\/permanent-residence\/mvcr\/#primaryimage"},"thumbnailUrl":"https:\/\/infocizinci.cz\/wp-content\/uploads\/2025\/03\/mv_cr_cz.jpg","datePublished":"2025-03-10T18:04:01+00:00","dateModified":"2025-03-10T18:06:17+00:00","description":"If you are coming to the Czech Republic for study or work, you should know where to go when dealing with residence-related matters. MV\u010cR OAMP","breadcrumb":{"@id":"https:\/\/infocizinci.cz\/en\/permanent-residence\/mvcr\/#breadcrumb"},"inLanguage":"en-US","potentialAction":[{"@type":"ReadAction","target":["https:\/\/infocizinci.cz\/en\/permanent-residence\/mvcr\/"]}]},{"@type":"ImageObject","inLanguage":"en-US","@id":"https:\/\/infocizinci.cz\/en\/permanent-residence\/mvcr\/#primaryimage","url":"https:\/\/infocizinci.cz\/wp-content\/uploads\/2025\/03\/mv_cr_cz.jpg","contentUrl":"https:\/\/infocizinci.cz\/wp-content\/uploads\/2025\/03\/mv_cr_cz.jpg","width":200,"height":200},{"@type":"BreadcrumbList","@id":"https:\/\/infocizinci.cz\/en\/permanent-residence\/mvcr\/#breadcrumb","itemListElement":[{"@type":"ListItem","position":1,"name":"Dom\u016f","item":"https:\/\/infocizinci.cz\/en\/"},{"@type":"ListItem","position":2,"name":"Ministry of the Interior (MV\u010cR) \u2013 Department of Asylum and Migration Policy"}]},{"@type":"WebSite","@id":"https:\/\/infocizinci.cz\/#website","url":"https:\/\/infocizinci.cz\/","name":"InfoCizinci","description":"Information for foreigners living in the Czech Republic","publisher":{"@id":"https:\/\/infocizinci.cz\/#organization"},"potentialAction":[{"@type":"SearchAction","target":{"@type":"EntryPoint","urlTemplate":"https:\/\/infocizinci.cz\/?s={search_term_string}"},"query-input":{"@type":"PropertyValueSpecification","valueRequired":true,"valueName":"search_term_string"}}],"inLanguage":"en-US"},{"@type":"Organization","@id":"https:\/\/infocizinci.cz\/#organization","name":"Fabrika ads s.r.o.","url":"https:\/\/infocizinci.cz\/","logo":{"@type":"ImageObject","inLanguage":"en-US","@id":"https:\/\/infocizinci.cz\/#\/schema\/logo\/image\/","url":"https:\/\/infocizinci.cz\/wp-content\/uploads\/2023\/08\/infoCizinci.cz_.svg","contentUrl":"https:\/\/infocizinci.cz\/wp-content\/uploads\/2023\/08\/infoCizinci.cz_.svg","width":1123,"height":141,"caption":"Fabrika ads s.r.o."},"image":{"@id":"https:\/\/infocizinci.cz\/#\/schema\/logo\/image\/"}},{"@type":"Person","@id":"https:\/\/infocizinci.cz\/#\/schema\/person\/bc4a510ea00e76fa313f0e118c0406b2","name":"Magdal\u00e9na Kramperov\u00e1","image":{"@type":"ImageObject","inLanguage":"en-US","@id":"https:\/\/infocizinci.cz\/#\/schema\/person\/image\/","url":"https:\/\/secure.gravatar.com\/avatar\/7db907540655879756f350d4a74067f9833b959010ac9cd012e0c1baf37a8478?s=96&d=mm&r=g","contentUrl":"https:\/\/secure.gravatar.com\/avatar\/7db907540655879756f350d4a74067f9833b959010ac9cd012e0c1baf37a8478?s=96&d=mm&r=g","caption":"Magdal\u00e9na Kramperov\u00e1"},"description":"Magdal\u00e9na vystudovala Vysokou \u0161kolu ekonomickou v Praze, Katedru arts managementu a m\u00e1 r\u00e1da um\u011bn\u00ed v\u0161eho druhu. Bav\u00ed j\u00ed soci\u00e1ln\u00ed s\u00edt\u011b, miluje filmy a hudbu v\u0161ech \u017e\u00e1nr\u016f. Ve voln\u00e9m \u010dase chod\u00ed na proch\u00e1zky a nebo je v roli asistentky dvou velmi n\u00e1ro\u010dn\u00fdch mor\u010dat!","sameAs":["https:\/\/infocizinci.cz\/author\/kramperova\/"],"url":"https:\/\/infocizinci.cz\/en\/author\/kramperova\/"}]}},"featured_image_src":"https:\/\/infocizinci.cz\/wp-content\/uploads\/2025\/03\/mv_cr_cz.jpg","featured_image_src_square":"https:\/\/infocizinci.cz\/wp-content\/uploads\/2025\/03\/mv_cr_cz.jpg","author_info":{"display_name":"Magdal\u00e9na Kramperov\u00e1","author_link":"https:\/\/infocizinci.cz\/en\/author\/kramperova\/"},"_links":{"self":[{"href":"https:\/\/infocizinci.cz\/en\/wp-json\/wp\/v2\/posts\/3174","targetHints":{"allow":["GET"]}}],"collection":[{"href":"https:\/\/infocizinci.cz\/en\/wp-json\/wp\/v2\/posts"}],"about":[{"href":"https:\/\/infocizinci.cz\/en\/wp-json\/wp\/v2\/types\/post"}],"author":[{"embeddable":true,"href":"https:\/\/infocizinci.cz\/en\/wp-json\/wp\/v2\/users\/7"}],"replies":[{"embeddable":true,"href":"https:\/\/infocizinci.cz\/en\/wp-json\/wp\/v2\/comments?post=3174"}],"version-history":[{"count":4,"href":"https:\/\/infocizinci.cz\/en\/wp-json\/wp\/v2\/posts\/3174\/revisions"}],"predecessor-version":[{"id":3180,"href":"https:\/\/infocizinci.cz\/en\/wp-json\/wp\/v2\/posts\/3174\/revisions\/3180"}],"wp:featuredmedia":[{"embeddable":true,"href":"https:\/\/infocizinci.cz\/en\/wp-json\/wp\/v2\/media\/3162"}],"wp:attachment":[{"href":"https:\/\/infocizinci.cz\/en\/wp-json\/wp\/v2\/media?parent=3174"}],"wp:term":[{"taxonomy":"category","embeddable":true,"href":"https:\/\/infocizinci.cz\/en\/wp-json\/wp\/v2\/categories?post=3174"},{"taxonomy":"post_tag","embeddable":true,"href":"https:\/\/infocizinci.cz\/en\/wp-json\/wp\/v2\/tags?post=3174"}],"curies":[{"name":"wp","href":"https:\/\/api.w.org\/{rel}","templated":true}]}}